{"id":10218,"date":"2014-11-02T02:57:13","date_gmt":"2014-11-02T01:57:13","guid":{"rendered":"http:\/\/www.associationdemarie.org\/blog\/?p=10218"},"modified":"2014-10-12T21:02:27","modified_gmt":"2014-10-12T20:02:27","slug":"commemoration-de-tous-les-fideles-defunts-2","status":"publish","type":"post","link":"https:\/\/www.associationdemarie.org\/blog\/commemoration-de-tous-les-fideles-defunts-2\/","title":{"rendered":"Comm\u00e9moration de tous les fid\u00e8les d\u00e9funts"},"content":{"rendered":"<p style=\"text-align: center;\"><a href=\"https:\/\/www.associationdemarie.org\/blog\/wp-content\/uploads\/2014\/10\/Esp\u00e9rance.gif\"><img loading=\"lazy\" decoding=\"async\" class=\"aligncenter  wp-image-10219\" alt=\"Esp\u00e9rance\" src=\"https:\/\/www.associationdemarie.org\/blog\/wp-content\/uploads\/2014\/10\/Esp\u00e9rance.gif\" width=\"454\" height=\"340\" \/><\/a><\/p>\n<p>Pourquoi est-ce que je te pleurerais, mon fr\u00e8re qui m\u2019aimais tant et qui m\u2019a \u00e9t\u00e9 enlev\u00e9\u2026? Car je n\u2019ai pas perdu mes relations avec toi ; elles ont compl\u00e8tement chang\u00e9 pour moi : jusqu\u2019ici elles \u00e9taient ins\u00e9parables du corps, maintenant elles sont indissociables des sentiments. Tu restes avec moi et tu y resteras toujours\u2026 L\u2019ap\u00f4tre Paul me rappelle et met une sorte de frein \u00e0 mon chagrin par ces mots\u2026 : \u00ab Nous ne voulons pas, fr\u00e8res, vous laisser dans l\u2019ignorance au sujet de ceux qui se sont endormis dans la mort, pour que vous ne soyez pas tristes comme les autres qui n\u2019ont pas d\u2019esp\u00e9rance \u00bb (1Th 4,13)\u2026<\/p>\n<p>Mais tous les pleurs ne sont pas signe de manque de foi ou de faiblesse. La douleur naturelle est une chose, la tristesse de l\u2019incroyance en est une autre\u2026 La douleur n\u2019est pas seule \u00e0 avoir des larmes : la joie a ses larmes, l\u2019affection elle aussi fait venir les pleurs et la parole arrose le sol de larmes, et la pri\u00e8re, selon les mots du proph\u00e8te, baigne de larmes notre lit (Ps 6,7). Quand on a enseveli les patriarches, leur peuple aussi a beaucoup pleur\u00e9 sur lui-m\u00eame. Les larmes sont donc des signes d\u2019affection et non des incitations \u00e0 la douleur. J\u2019ai pleur\u00e9, je l\u2019avoue, mais le Seigneur aussi a pleur\u00e9 (Jn 11,35) ; lui a pleur\u00e9 quelqu\u2019un qui n\u2019\u00e9tait pas de sa famille, moi un fr\u00e8re. Lui, en un seul homme, a pleur\u00e9 tous les hommes ; moi je te pleurerai, mon fr\u00e8re, en tous les hommes.<\/p>\n<p>C\u2019est avec notre sensibilit\u00e9 que le Christ a pleur\u00e9, non avec la sienne, car la divinit\u00e9 n\u2019a pas de larmes\u2026 Il a pleur\u00e9 en cet homme qui \u00e9tait \u00ab triste \u00e0 en mourir \u00bb (Mt 26,38) ; il a pleur\u00e9 en celui qui a \u00e9t\u00e9 crucifi\u00e9, qui est mort, qui a \u00e9t\u00e9 enseveli ; il a pleur\u00e9 en cet homme&#8230;n\u00e9 de la Vierge.<\/p>\n<p>Saint Ambroise (v. 340-397), \u00e9v\u00eaque de Milan et docteur de l&rsquo;\u00c9glise<br \/>\n<i>Sur la mort de son fr\u00e8re, \u00a7 6 (trad. coll. Migne n\u00b084, p. 225 rev.)<\/i><\/p>\n<p>&nbsp;<\/p>\n<p>&nbsp;<\/p>\n<p>&nbsp;<\/p>\n","protected":false},"excerpt":{"rendered":"<p>Pourquoi est-ce que je te pleurerais, mon fr\u00e8re qui m\u2019aimais tant et qui m\u2019a \u00e9t\u00e9 enlev\u00e9\u2026? Car je n\u2019ai pas perdu mes relations avec toi ; elles ont compl\u00e8tement chang\u00e9 pour moi : jusqu\u2019ici elles \u00e9taient ins\u00e9parables du corps, maintenant elles sont indissociables des sentiments. Tu restes avec moi et tu y resteras toujours\u2026 L\u2019ap\u00f4tre [&hellip;]<\/p>\n","protected":false},"author":2,"featured_media":0,"comment_status":"closed","ping_status":"closed","sticky":false,"template":"","format":"standard","meta":{"footnotes":""},"categories":[3,13,26,28],"tags":[283,1382,636,1007],"class_list":["post-10218","post","type-post","status-publish","format-standard","hentry","category-liturgique","category-ecritures","category-priere-des-ames","category-saints-et-saintes","tag-defunts","tag-ecritures","tag-marie","tag-st-ambroise"],"_links":{"self":[{"href":"https:\/\/www.associationdemarie.org\/blog\/wp-json\/wp\/v2\/posts\/10218","targetHints":{"allow":["GET"]}}],"collection":[{"href":"https:\/\/www.associationdemarie.org\/blog\/wp-json\/wp\/v2\/posts"}],"about":[{"href":"https:\/\/www.associationdemarie.org\/blog\/wp-json\/wp\/v2\/types\/post"}],"author":[{"embeddable":true,"href":"https:\/\/www.associationdemarie.org\/blog\/wp-json\/wp\/v2\/users\/2"}],"replies":[{"embeddable":true,"href":"https:\/\/www.associationdemarie.org\/blog\/wp-json\/wp\/v2\/comments?post=10218"}],"version-history":[{"count":2,"href":"https:\/\/www.associationdemarie.org\/blog\/wp-json\/wp\/v2\/posts\/10218\/revisions"}],"predecessor-version":[{"id":10221,"href":"https:\/\/www.associationdemarie.org\/blog\/wp-json\/wp\/v2\/posts\/10218\/revisions\/10221"}],"wp:attachment":[{"href":"https:\/\/www.associationdemarie.org\/blog\/wp-json\/wp\/v2\/media?parent=10218"}],"wp:term":[{"taxonomy":"category","embeddable":true,"href":"https:\/\/www.associationdemarie.org\/blog\/wp-json\/wp\/v2\/categories?post=10218"},{"taxonomy":"post_tag","embeddable":true,"href":"https:\/\/www.associationdemarie.org\/blog\/wp-json\/wp\/v2\/tags?post=10218"}],"curies":[{"name":"wp","href":"https:\/\/api.w.org\/{rel}","templated":true}]}}