{"id":10210,"date":"2014-10-31T01:04:55","date_gmt":"2014-10-31T00:04:55","guid":{"rendered":"http:\/\/www.associationdemarie.org\/blog\/?p=10210"},"modified":"2014-10-10T05:07:57","modified_gmt":"2014-10-10T04:07:57","slug":"10210","status":"publish","type":"post","link":"https:\/\/www.associationdemarie.org\/blog\/10210\/","title":{"rendered":"L&rsquo;\u00e2me de la Sainte Vierge"},"content":{"rendered":"<div><i><a href=\"https:\/\/www.associationdemarie.org\/blog\/wp-content\/uploads\/2014\/10\/MariaPrayerA.jpg\"><img loading=\"lazy\" decoding=\"async\" class=\"alignright size-full wp-image-10211\" alt=\"MariaPrayerA\" src=\"https:\/\/www.associationdemarie.org\/blog\/wp-content\/uploads\/2014\/10\/MariaPrayerA.jpg\" width=\"237\" height=\"290\" \/><\/a>\u00ab\u00a0R\u00e9jouis-toi, combl\u00e9e de gr\u00e2ce, le Seigneur est avec toi.\u00a0\u00bb<\/i><\/div>\n<div>\u00a0<span style=\"color: #ffffff;\">.<\/span><\/div>\n<div>Tout ce qu&rsquo;on a \u00e9crit sur la Vierge M\u00e8re de Dieu me prouve que sa saintet\u00e9 est la plus cach\u00e9e de toutes. Ce que les gens s&rsquo;ing\u00e9nient \u00e0 dire d&rsquo;elle nous en apprend g\u00e9n\u00e9ralement plus sur eux-m\u00eames que sur Notre-Dame. Car, puisque Dieu nous a r\u00e9v\u00e9l\u00e9 tr\u00e8s peu de chose \u00e0 son sujet, les hommes, qui ne savent rien de Marie ni de ce qu&rsquo;elle a \u00e9t\u00e9, ne font que se r\u00e9v\u00e9ler eux-m\u00eames en essayant d&rsquo;ajouter quelque chose \u00e0 ce que Dieu nous a dit&#8230;<\/div>\n<div>\u00a0 <span style=\"color: #ffffff;\">.<\/span><\/div>\n<div><i>\u00ab\u00a0Oui, d\u00e9sormais toutes les g\u00e9n\u00e9rations me diront bienheureuse.\u00a0\u00bb<\/i><\/div>\n<div><span style=\"color: #ffffff;\">\u00a0.<\/span><\/div>\n<div>Et ce que nous savons de Marie ne rend que plus myst\u00e9rieux le v\u00e9ritable caract\u00e8re et la v\u00e9ritable qualit\u00e9 de sa saintet\u00e9. Nous croyons qu&rsquo;\u00e0 part la saintet\u00e9 de Dieu, la sienne fut la plus parfaite. Mais la saintet\u00e9 de Dieu est incompr\u00e9hensible \u00e0 notre esprit. Cependant, celle de la sainte Vierge est en quelque sorte plus cach\u00e9e que la saintet\u00e9 de Dieu : car Il nous a au moins dit de Lui-m\u00eame quelque chose qui est objectivement valide quand on l&rsquo;aborde avec nos facult\u00e9s humaines. Mais, en ce qui concerne Notre-Dame, il ne nous a dit que peu de choses importantes &#8211; et, m\u00eame alors, nous ne pouvons saisir leur signification.\u00a0<b>Car tout ce qu&rsquo;Il nous a dit de l&rsquo;\u00e2me de la Sainte Vierge se r\u00e9duit \u00e0 ceci : que cette \u00e2me est absolument pleine de la plus parfaite saintet\u00e9 que puisse poss\u00e9der une cr\u00e9ature. Mais ce que cela signifie en d\u00e9tail, nous n&rsquo;avons aucun moyen de le conna\u00eetre. C&rsquo;est pourquoi l&rsquo;autre \u00e9l\u00e9ment certain que nous savons d&rsquo;elle c&rsquo;est que sa saintet\u00e9 est extr\u00eamement cach\u00e9e.<\/b><\/div>\n<div>\u00a0<span style=\"color: #ffffff;\">.<\/span><\/div>\n<div><i>Thomas Merton<\/i><\/div>\n<div><i>(extrait de \u00ab\u00a0Semences de contemplation\u00a0\u00bb, Editions du Seuil, 1952)<\/i><\/div>\n<p><i>in spiritualit\u00e9-chretienne.com<\/i><\/p>\n<p>&nbsp;<\/p>\n<p>&nbsp;<\/p>\n<p>&nbsp;<\/p>\n","protected":false},"excerpt":{"rendered":"<p>\u00ab\u00a0R\u00e9jouis-toi, combl\u00e9e de gr\u00e2ce, le Seigneur est avec toi.\u00a0\u00bb \u00a0. Tout ce qu&rsquo;on a \u00e9crit sur la Vierge M\u00e8re de Dieu me prouve que sa saintet\u00e9 est la plus cach\u00e9e de toutes. Ce que les gens s&rsquo;ing\u00e9nient \u00e0 dire d&rsquo;elle nous en apprend g\u00e9n\u00e9ralement plus sur eux-m\u00eames que sur Notre-Dame. Car, puisque Dieu nous a [&hellip;]<\/p>\n","protected":false},"author":2,"featured_media":0,"comment_status":"closed","ping_status":"closed","sticky":false,"template":"","format":"standard","meta":{"footnotes":""},"categories":[28],"tags":[610,1189],"class_list":["post-10210","post","type-post","status-publish","format-standard","hentry","category-saints-et-saintes","tag-magnificat","tag-vierge-marie"],"_links":{"self":[{"href":"https:\/\/www.associationdemarie.org\/blog\/wp-json\/wp\/v2\/posts\/10210","targetHints":{"allow":["GET"]}}],"collection":[{"href":"https:\/\/www.associationdemarie.org\/blog\/wp-json\/wp\/v2\/posts"}],"about":[{"href":"https:\/\/www.associationdemarie.org\/blog\/wp-json\/wp\/v2\/types\/post"}],"author":[{"embeddable":true,"href":"https:\/\/www.associationdemarie.org\/blog\/wp-json\/wp\/v2\/users\/2"}],"replies":[{"embeddable":true,"href":"https:\/\/www.associationdemarie.org\/blog\/wp-json\/wp\/v2\/comments?post=10210"}],"version-history":[{"count":3,"href":"https:\/\/www.associationdemarie.org\/blog\/wp-json\/wp\/v2\/posts\/10210\/revisions"}],"predecessor-version":[{"id":10214,"href":"https:\/\/www.associationdemarie.org\/blog\/wp-json\/wp\/v2\/posts\/10210\/revisions\/10214"}],"wp:attachment":[{"href":"https:\/\/www.associationdemarie.org\/blog\/wp-json\/wp\/v2\/media?parent=10210"}],"wp:term":[{"taxonomy":"category","embeddable":true,"href":"https:\/\/www.associationdemarie.org\/blog\/wp-json\/wp\/v2\/categories?post=10210"},{"taxonomy":"post_tag","embeddable":true,"href":"https:\/\/www.associationdemarie.org\/blog\/wp-json\/wp\/v2\/tags?post=10210"}],"curies":[{"name":"wp","href":"https:\/\/api.w.org\/{rel}","templated":true}]}}