{"id":1017,"date":"2010-06-14T06:26:21","date_gmt":"2010-06-14T06:26:21","guid":{"rendered":"http:\/\/preprod.meltem-int.com\/marie\/blog\/?p=1017"},"modified":"2010-06-14T06:26:21","modified_gmt":"2010-06-14T06:26:21","slug":"prochaine-rencontre-2","status":"publish","type":"post","link":"https:\/\/www.associationdemarie.org\/blog\/prochaine-rencontre-2\/","title":{"rendered":"Prochaine rencontre"},"content":{"rendered":"<p>Nous nous retrouverons le <strong>dimanche 20 juin<\/strong> en Aveyron \u00e0 <strong>Notre Dame du D\u00e9sert<\/strong>.<\/p>\n<figure id=\"attachment_1018\" aria-describedby=\"caption-attachment-1018\" style=\"width: 150px\" class=\"wp-caption aligncenter\"><a href=\"http:\/\/maps.google.fr\/maps?f=q&amp;source=s_q&amp;hl=fr&amp;geocode=&amp;q=st+victor+et+melvieu&amp;sll=44.03664,2.788124&amp;sspn=0.064542,0.142307&amp;ie=UTF8&amp;hq=&amp;hnear=Saint-Victor-et-Melvieu,+Aveyron,+Midi-Pyr%C3%A9n%C3%A9es&amp;ll=44.050707,2.824516&amp;spn=0.064526,0.142307&amp;z=13\"><img loading=\"lazy\" decoding=\"async\" class=\"size-full wp-image-1018\" title=\"Notre Dame du D\u00e9sert\" src=\"https:\/\/www.associationdemarie.org\/blog\/wp-content\/uploads\/2010\/05\/Notre-Dame-du-D\u00e9sert.jpg\" alt=\"\" width=\"150\" height=\"110\" \/><\/a><figcaption id=\"caption-attachment-1018\" class=\"wp-caption-text\">Cliquez sur l&#39;image pour acc\u00e9der au plan.<\/figcaption><\/figure>\n<p><em>Le site de \u00ab\u00a0Notre Dame du d\u00e9sert\u00a0\u00bb est un point de vue remarquable sur les Raspes et le Tarn qui coule en contre bas. il est le\u00a0 d\u00e9part de nombreuses randonn\u00e9es sur des pistes ombrag\u00e9es dans les ch\u00e2taigneraies.<\/em><\/p>\n<p><em><strong>Nous assisterons \u00e0 la messe \u00e0 St Affrique \u00e0 10h, <\/strong>avant de nous retrouver pour le pique nique sorti du sac et le Rosaire.<\/em><\/p>\n","protected":false},"excerpt":{"rendered":"<p>Nous nous retrouverons le dimanche 20 juin en Aveyron \u00e0 Notre Dame du D\u00e9sert. Le site de \u00ab\u00a0Notre Dame du d\u00e9sert\u00a0\u00bb est un point de vue remarquable sur les Raspes et le Tarn qui coule en contre bas. il est le\u00a0 d\u00e9part de nombreuses randonn\u00e9es sur des pistes ombrag\u00e9es dans les ch\u00e2taigneraies. Nous assisterons \u00e0 [&hellip;]<\/p>\n","protected":false},"author":2,"featured_media":0,"comment_status":"closed","ping_status":"closed","sticky":false,"template":"","format":"standard","meta":{"footnotes":""},"categories":[2],"tags":[668,830,880],"class_list":["post-1017","post","type-post","status-publish","format-standard","hentry","category-actualites","tag-message","tag-priere","tag-rencontre"],"_links":{"self":[{"href":"https:\/\/www.associationdemarie.org\/blog\/wp-json\/wp\/v2\/posts\/1017","targetHints":{"allow":["GET"]}}],"collection":[{"href":"https:\/\/www.associationdemarie.org\/blog\/wp-json\/wp\/v2\/posts"}],"about":[{"href":"https:\/\/www.associationdemarie.org\/blog\/wp-json\/wp\/v2\/types\/post"}],"author":[{"embeddable":true,"href":"https:\/\/www.associationdemarie.org\/blog\/wp-json\/wp\/v2\/users\/2"}],"replies":[{"embeddable":true,"href":"https:\/\/www.associationdemarie.org\/blog\/wp-json\/wp\/v2\/comments?post=1017"}],"version-history":[{"count":0,"href":"https:\/\/www.associationdemarie.org\/blog\/wp-json\/wp\/v2\/posts\/1017\/revisions"}],"wp:attachment":[{"href":"https:\/\/www.associationdemarie.org\/blog\/wp-json\/wp\/v2\/media?parent=1017"}],"wp:term":[{"taxonomy":"category","embeddable":true,"href":"https:\/\/www.associationdemarie.org\/blog\/wp-json\/wp\/v2\/categories?post=1017"},{"taxonomy":"post_tag","embeddable":true,"href":"https:\/\/www.associationdemarie.org\/blog\/wp-json\/wp\/v2\/tags?post=1017"}],"curies":[{"name":"wp","href":"https:\/\/api.w.org\/{rel}","templated":true}]}}