{"id":10116,"date":"2014-10-11T01:13:08","date_gmt":"2014-10-11T00:13:08","guid":{"rendered":"http:\/\/www.associationdemarie.org\/blog\/?p=10116"},"modified":"2014-09-20T07:20:14","modified_gmt":"2014-09-20T06:20:14","slug":"heureuse-celle-qui-a-cru-lc-145","status":"publish","type":"post","link":"https:\/\/www.associationdemarie.org\/blog\/heureuse-celle-qui-a-cru-lc-145\/","title":{"rendered":"\u00ab Heureuse celle qui a cru. \u00bb (Lc 1,45)"},"content":{"rendered":"<p style=\"text-align: center;\"><a href=\"https:\/\/www.associationdemarie.org\/blog\/wp-content\/uploads\/2014\/09\/marieetjesus864_z.jpg\"><img loading=\"lazy\" decoding=\"async\" class=\"aligncenter  wp-image-10117\" alt=\"marieetjesus864_z\" src=\"https:\/\/www.associationdemarie.org\/blog\/wp-content\/uploads\/2014\/09\/marieetjesus864_z.jpg\" width=\"384\" height=\"341\" srcset=\"https:\/\/www.associationdemarie.org\/blog\/wp-content\/uploads\/2014\/09\/marieetjesus864_z.jpg 480w, https:\/\/www.associationdemarie.org\/blog\/wp-content\/uploads\/2014\/09\/marieetjesus864_z-300x266.jpg 300w\" sizes=\"auto, (max-width: 384px) 100vw, 384px\" \/><\/a><\/p>\n<p><span style=\"color: #ffffff;\">.<\/span><\/p>\n<p>Vierge et M\u00e8re Marie,<br \/>\ntoi qui, mue par l\u2019Esprit,<br \/>\nas accueilli le Verbe de la vie<br \/>\ndans la profondeur de ta foi humble,<br \/>\ntotalement abandonn\u00e9e \u00e0 l\u2019\u00c9ternel,<br \/>\naide-nous \u00e0 dire notre \u00ab oui \u00bb<br \/>\ndans l\u2019urgence, plus que jamais pressante,<br \/>\nde faire retentir la Bonne Nouvelle de J\u00e9sus.<\/p>\n<p>Toi, remplie de la pr\u00e9sence du Christ,<br \/>\ntu as port\u00e9 la joie \u00e0 Jean Baptiste,<br \/>\nle faisant exulter dans le sein de sa m\u00e8re (Lc 1,41).<br \/>\nToi, tressaillant de joie,<br \/>\ntu as chant\u00e9 les merveilles du Seigneur (Lc 1,46s).<br \/>\nToi, qui es rest\u00e9e ferme pr\u00e8s de la croix<br \/>\navec une foi in\u00e9branlable (Jn 19,25)<br \/>\net as re\u00e7u la joyeuse consolation de la r\u00e9surrection,<br \/>\ntu as r\u00e9uni les disciples dans l\u2019attente de l\u2019Esprit<br \/>\nafin que naisse l\u2019\u00c9glise \u00e9vang\u00e9lisatrice (Ac 1,14).<\/p>\n<p><img loading=\"lazy\" decoding=\"async\" class=\"alignright  wp-image-10118\" alt=\"frise_verticale\" src=\"https:\/\/www.associationdemarie.org\/blog\/wp-content\/uploads\/2014\/09\/frise_verticale.jpg\" width=\"113\" height=\"600\" \/><\/p>\n<p><span style=\"color: #ffffff;\">.<\/span><br \/>\nObtiens-nous maintenant une nouvelle ardeur de ressuscit\u00e9s<br \/>\npour porter \u00e0 tous l\u2019\u00c9vangile de la vie<br \/>\nqui triomphe de la mort.<br \/>\nDonne-nous la sainte audace de chercher de nouvelles voies<br \/>\npour que parvienne \u00e0 tous<br \/>\nle don de la beaut\u00e9 qui ne se ternit pas.<\/p>\n<p>Toi, Vierge de l\u2019\u00e9coute et de la contemplation (Lc 2,19),<br \/>\nm\u00e8re du bel amour (Si 24,24 Vulg),<br \/>\n\u00e9pouse des noces \u00e9ternelles (Ap 19,7),<br \/>\ninterc\u00e8de pour l\u2019\u00c9glise, dont tu es l\u2019ic\u00f4ne tr\u00e8s pure,<br \/>\nafin qu\u2019elle ne s\u2019enferme jamais et jamais ne s\u2019arr\u00eate<br \/>\ndans sa passion pour instaurer le Royaume.<\/p>\n<p>\u00c9toile de la nouvelle \u00e9vang\u00e9lisation,<br \/>\naide-nous \u00e0 rayonner par le t\u00e9moignage de la communion,<br \/>\ndu service, de la foi ardente et g\u00e9n\u00e9reuse,<br \/>\nde la justice et de l\u2019amour pour les pauvres,<br \/>\npour que la joie de l\u2019\u00c9vangile<br \/>\nparvienne jusqu\u2019aux confins de la terre<br \/>\net qu\u2019aucune p\u00e9riph\u00e9rie ne soit priv\u00e9e de sa lumi\u00e8re.<\/p>\n<p>M\u00e8re de l\u2019\u00c9vangile vivant,<br \/>\nsource de joie pour les petits,<br \/>\nprie pour nous.<br \/>\nAmen. All\u00e9luia !<\/p>\n<p><span style=\"color: #ffffff;\">.<\/span><\/p>\n<p>Pape Fran\u00e7ois<br \/>\n<i>Exhortation apostolique \u00ab Evangelii Gaudium \/ La Joie de l\u2019\u00c9vangile \u00bb \u00a7 288 (trad. \u00a9 copyright Libreria Editrice Vaticana)<\/i><\/p>\n<p>&nbsp;<\/p>\n<p>&nbsp;<\/p>\n<p>&nbsp;<\/p>\n<p>&nbsp;<\/p>\n<p>&nbsp;<\/p>\n<p>&nbsp;<\/p>\n","protected":false},"excerpt":{"rendered":"<p>. Vierge et M\u00e8re Marie, toi qui, mue par l\u2019Esprit, as accueilli le Verbe de la vie dans la profondeur de ta foi humble, totalement abandonn\u00e9e \u00e0 l\u2019\u00c9ternel, aide-nous \u00e0 dire notre \u00ab oui \u00bb dans l\u2019urgence, plus que jamais pressante, de faire retentir la Bonne Nouvelle de J\u00e9sus. Toi, remplie de la pr\u00e9sence du [&hellip;]<\/p>\n","protected":false},"author":2,"featured_media":0,"comment_status":"closed","ping_status":"closed","sticky":false,"template":"","format":"standard","meta":{"footnotes":""},"categories":[3,14,26,27,28],"tags":[747,830,1189],"class_list":["post-10116","post","type-post","status-publish","format-standard","hentry","category-liturgique","category-groupe-prieres","category-priere-des-ames","category-prieres","category-saints-et-saintes","tag-oui","tag-priere","tag-vierge-marie"],"_links":{"self":[{"href":"https:\/\/www.associationdemarie.org\/blog\/wp-json\/wp\/v2\/posts\/10116","targetHints":{"allow":["GET"]}}],"collection":[{"href":"https:\/\/www.associationdemarie.org\/blog\/wp-json\/wp\/v2\/posts"}],"about":[{"href":"https:\/\/www.associationdemarie.org\/blog\/wp-json\/wp\/v2\/types\/post"}],"author":[{"embeddable":true,"href":"https:\/\/www.associationdemarie.org\/blog\/wp-json\/wp\/v2\/users\/2"}],"replies":[{"embeddable":true,"href":"https:\/\/www.associationdemarie.org\/blog\/wp-json\/wp\/v2\/comments?post=10116"}],"version-history":[{"count":8,"href":"https:\/\/www.associationdemarie.org\/blog\/wp-json\/wp\/v2\/posts\/10116\/revisions"}],"predecessor-version":[{"id":10126,"href":"https:\/\/www.associationdemarie.org\/blog\/wp-json\/wp\/v2\/posts\/10116\/revisions\/10126"}],"wp:attachment":[{"href":"https:\/\/www.associationdemarie.org\/blog\/wp-json\/wp\/v2\/media?parent=10116"}],"wp:term":[{"taxonomy":"category","embeddable":true,"href":"https:\/\/www.associationdemarie.org\/blog\/wp-json\/wp\/v2\/categories?post=10116"},{"taxonomy":"post_tag","embeddable":true,"href":"https:\/\/www.associationdemarie.org\/blog\/wp-json\/wp\/v2\/tags?post=10116"}],"curies":[{"name":"wp","href":"https:\/\/api.w.org\/{rel}","templated":true}]}}