{"id":10065,"date":"2014-09-27T01:23:42","date_gmt":"2014-09-27T00:23:42","guid":{"rendered":"http:\/\/www.associationdemarie.org\/blog\/?p=10065"},"modified":"2014-09-06T07:29:18","modified_gmt":"2014-09-06T06:29:18","slug":"livre-de-lecclesiaste-119-10-121-8","status":"publish","type":"post","link":"https:\/\/www.associationdemarie.org\/blog\/livre-de-lecclesiaste-119-10-121-8\/","title":{"rendered":"Livre de l&rsquo;Eccl\u00e9siaste 11,9-10.12,1-8."},"content":{"rendered":"<p style=\"text-align: center;\"><a href=\"https:\/\/www.associationdemarie.org\/blog\/wp-content\/uploads\/2014\/09\/ob_8e384a_criacao-de-deus-roberta-burlamaque.jpg\"><img loading=\"lazy\" decoding=\"async\" class=\"aligncenter  wp-image-10066\" alt=\"Cr\u00e9ation\" src=\"https:\/\/www.associationdemarie.org\/blog\/wp-content\/uploads\/2014\/09\/ob_8e384a_criacao-de-deus-roberta-burlamaque.jpg\" width=\"491\" height=\"369\" srcset=\"https:\/\/www.associationdemarie.org\/blog\/wp-content\/uploads\/2014\/09\/ob_8e384a_criacao-de-deus-roberta-burlamaque.jpg 1024w, https:\/\/www.associationdemarie.org\/blog\/wp-content\/uploads\/2014\/09\/ob_8e384a_criacao-de-deus-roberta-burlamaque-300x225.jpg 300w\" sizes=\"auto, (max-width: 491px) 100vw, 491px\" \/><\/a><\/p>\n<p><span>R<\/span>\u00e9jouis-toi, jeune homme, dans ton adolescence, et sois heureux aux jours de ta jeunesse. Suis les sentiers de ton c\u0153ur et les d\u00e9sirs de tes yeux\u00a0! Mais sache que pour tout cela Dieu t&rsquo;appellera au jugement.<br \/>\n\u00c9loigne de ton c\u0153ur le chagrin, \u00e9carte de ta chair la souffrance\u00a0! Car l&rsquo;adolescence et le printemps de la vie sont vanit\u00e9.<br \/>\nSouviens-toi de ton Cr\u00e9ateur, aux jours de ta jeunesse, avant que viennent les jours mauvais, et qu&rsquo;approchent les ann\u00e9es dont tu diras\u00a0: \u00ab\u00a0Je ne les aime pas\u00a0\u00bb\u00a0;<br \/>\navant que s&rsquo;obscurcissent le soleil et la lumi\u00e8re, la lune et les \u00e9toiles, et que les nuages reviennent encore apr\u00e8s la pluie\u00a0;<br \/>\nau jour o\u00f9 tremblent les gardiens de la maison, o\u00f9 se courbent les hommes vigoureux\u00a0; o\u00f9 les femmes, l&rsquo;une apr\u00e8s l&rsquo;autre, cessent de moudre, o\u00f9 le jour baisse aux fen\u00eatres\u00a0;<br \/>\nquand la porte est ferm\u00e9e sur la rue, quand s&rsquo;\u00e9teint la voix de la meule, quand s&rsquo;arr\u00eate le chant de l&rsquo;oiseau, et quand se taisent les chansons\u00a0;<br \/>\nlorsqu&rsquo;on redoute la mont\u00e9e et qu&rsquo;on a des frayeurs en chemin\u00a0; lorsque l&rsquo;amandier s&rsquo;\u00e9panouit, que la sauterelle s&rsquo;alourdit, et que le c\u00e2prier laisse \u00e9chapper son fruit\u00a0; lorsque l&rsquo;homme s&rsquo;en va vers sa maison d&rsquo;\u00e9ternit\u00e9, et que les pleureurs sont d\u00e9j\u00e0 au coin de la rue\u00a0;<br \/>\navant que le fil d&rsquo;argent se d\u00e9tache, que la lampe d&rsquo;or se brise, que la cruche se casse \u00e0 la fontaine, que la poulie se fende sur le puits\u00a0;<br \/>\net que la poussi\u00e8re retourne \u00e0 la terre comme elle en vint, et le souffle \u00e0 Dieu qui l&rsquo;a donn\u00e9.<br \/>\n<strong>Vanit\u00e9 des vanit\u00e9s, disait l&rsquo;Eccl\u00e9siaste, tout est vanit\u00e9\u00a0!<\/strong><\/p>\n<p>&nbsp;<\/p>\n<p>&nbsp;<\/p>\n<p>&nbsp;<\/p>\n<p>&nbsp;<\/p>\n","protected":false},"excerpt":{"rendered":"<p>R\u00e9jouis-toi, jeune homme, dans ton adolescence, et sois heureux aux jours de ta jeunesse. Suis les sentiers de ton c\u0153ur et les d\u00e9sirs de tes yeux\u00a0! Mais sache que pour tout cela Dieu t&rsquo;appellera au jugement. \u00c9loigne de ton c\u0153ur le chagrin, \u00e9carte de ta chair la souffrance\u00a0! Car l&rsquo;adolescence et le printemps de la [&hellip;]<\/p>\n","protected":false},"author":2,"featured_media":0,"comment_status":"closed","ping_status":"closed","sticky":false,"template":"","format":"standard","meta":{"footnotes":""},"categories":[3,13],"tags":[269,295,1292,1293],"class_list":["post-10065","post","type-post","status-publish","format-standard","hentry","category-liturgique","category-ecritures","tag-creation","tag-dieu","tag-livre-de-lecclesiaste","tag-vanite"],"_links":{"self":[{"href":"https:\/\/www.associationdemarie.org\/blog\/wp-json\/wp\/v2\/posts\/10065","targetHints":{"allow":["GET"]}}],"collection":[{"href":"https:\/\/www.associationdemarie.org\/blog\/wp-json\/wp\/v2\/posts"}],"about":[{"href":"https:\/\/www.associationdemarie.org\/blog\/wp-json\/wp\/v2\/types\/post"}],"author":[{"embeddable":true,"href":"https:\/\/www.associationdemarie.org\/blog\/wp-json\/wp\/v2\/users\/2"}],"replies":[{"embeddable":true,"href":"https:\/\/www.associationdemarie.org\/blog\/wp-json\/wp\/v2\/comments?post=10065"}],"version-history":[{"count":2,"href":"https:\/\/www.associationdemarie.org\/blog\/wp-json\/wp\/v2\/posts\/10065\/revisions"}],"predecessor-version":[{"id":10068,"href":"https:\/\/www.associationdemarie.org\/blog\/wp-json\/wp\/v2\/posts\/10065\/revisions\/10068"}],"wp:attachment":[{"href":"https:\/\/www.associationdemarie.org\/blog\/wp-json\/wp\/v2\/media?parent=10065"}],"wp:term":[{"taxonomy":"category","embeddable":true,"href":"https:\/\/www.associationdemarie.org\/blog\/wp-json\/wp\/v2\/categories?post=10065"},{"taxonomy":"post_tag","embeddable":true,"href":"https:\/\/www.associationdemarie.org\/blog\/wp-json\/wp\/v2\/tags?post=10065"}],"curies":[{"name":"wp","href":"https:\/\/api.w.org\/{rel}","templated":true}]}}