{"id":10030,"date":"2014-09-17T01:18:11","date_gmt":"2014-09-17T00:18:11","guid":{"rendered":"http:\/\/www.associationdemarie.org\/blog\/?p=10030"},"modified":"2014-08-27T07:20:48","modified_gmt":"2014-08-27T06:20:48","slug":"ste-hildegarde-de-bingen-mystique-et-docteur-de-leglise","status":"publish","type":"post","link":"https:\/\/www.associationdemarie.org\/blog\/ste-hildegarde-de-bingen-mystique-et-docteur-de-leglise\/","title":{"rendered":"Ste Hildegarde de Bingen, mystique et docteur de l&rsquo;\u00c9glise"},"content":{"rendered":"<div>\n<p style=\"text-align: center;\"><a href=\"https:\/\/www.associationdemarie.org\/blog\/wp-content\/uploads\/2014\/08\/Sant_Ildegarda_di_Bingen_H.jpg\"><img loading=\"lazy\" decoding=\"async\" class=\"aligncenter  wp-image-10031\" alt=\"Sant_Ildegarda_di_Bingen_H\" src=\"https:\/\/www.associationdemarie.org\/blog\/wp-content\/uploads\/2014\/08\/Sant_Ildegarda_di_Bingen_H.jpg\" width=\"288\" height=\"282\" srcset=\"https:\/\/www.associationdemarie.org\/blog\/wp-content\/uploads\/2014\/08\/Sant_Ildegarda_di_Bingen_H.jpg 600w, https:\/\/www.associationdemarie.org\/blog\/wp-content\/uploads\/2014\/08\/Sant_Ildegarda_di_Bingen_H-300x293.jpg 300w\" sizes=\"auto, (max-width: 288px) 100vw, 288px\" \/><\/a><\/p>\n<table cellspacing=\"0\" cellpadding=\"0\" align=\"left\">\n<tbody>\n<tr>\n<td align=\"left\" valign=\"top\">H<\/td>\n<\/tr>\n<\/tbody>\n<\/table>\n<p>ildegarde\u00a0\u00e9tait d&rsquo;une noble famille germanique. Elle na\u00eet en 1098 en Rh\u00e9nanie, probablement \u00e0 Bermersheim, pr\u00e8s d\u2019Alzey, et meurt en 1179, \u00e0 l\u2019\u00e2ge de 81 ans.<\/p><\/div>\n<p>Tr\u00e8s jeune, on la confie au couvent de Disibodenberg, un monast\u00e8re double, sur les bords du Rhin, o\u00f9 moines et moniales chantent la louange divine en des b\u00e2timents mitoyens.<\/p>\n<p>Devenue abbesse, elle s&rsquo;en va fonder une autre communaut\u00e9 \u00e0 Bingen puis une \u00e0 Eibingen. Elle voyage, va o\u00f9 on l&rsquo;appelle, pr\u00eache dans les cath\u00e9drales et les couvents, correspond avec toutes les t\u00eates couronn\u00e9es, les pontifes de son temps, saint Bernard et bien d&rsquo;autres. Elle plaide pour une r\u00e9forme radicale de l&rsquo;\u00c9glise.<\/p>\n<p>Depuis sa petite enfance, elle est favoris\u00e9e de visions exceptionnelles. Par ob\u00e9issance, elle les couchera sur le papier. Ses r\u00e9cits apocalyptiques (au sens litt\u00e9ral de d\u00e9voilement des fins derni\u00e8res) donnent de l&rsquo;univers une vision \u00e9tonnante de modernit\u00e9 o\u00f9 la science actuelle peut se reconna\u00eetre (cr\u00e9ation continue, \u00e9nergie cach\u00e9e dans la mati\u00e8re, magn\u00e9tisme) mais qui peut aussi apaiser la soif actuelle de nos contemporains tent\u00e9s par le \u00ab\u00a0Nouvel Age\u00a0\u00bb. \u00ab\u00a0Le monde ne reste jamais dans un seul \u00e9tat\u00a0\u00bb, \u00e9crit-elle.<\/p>\n<p>L&rsquo;essentiel de sa pens\u00e9e r\u00e9side dans le combat entre le Christ et le prince de ce monde, au c\u0153ur d&rsquo;un cosmos con\u00e7u comme une symphonie invisible. Dante lui emprunta sa vision de la Trinit\u00e9.<\/p>\n<p>Le Pape Beno\u00eet XVI a proclam\u00e9, dimanche 7 octobre 2012, sainte Hildegarde de Bingen et Saint Jean d\u2019Avila (1499\/1500-1569) Docteurs de l\u2019\u00c9glise.<\/p>\n<p>Pour approfondir, lire\u00a0le Cat\u00e9ch\u00e8ses du Pape Beno\u00eet XVI :<br \/>\n<a href=\"http:\/\/www.vatican.va\/holy_father\/benedict_xvi\/audiences\/2010\/documents\/hf_ben-xvi_aud_20100901_fr.html\">&gt;&gt;&gt;\u00a0 Sainte Hildegarde de Bingen (1)<\/a><br \/>\n[<a href=\"http:\/\/www.vatican.va\/holy_father\/benedict_xvi\/audiences\/2010\/documents\/hf_ben-xvi_aud_20100901_ge.html\">Allemand<\/a>,\u00a0<a href=\"http:\/\/www.vatican.va\/holy_father\/benedict_xvi\/audiences\/2010\/documents\/hf_ben-xvi_aud_20100901_en.html\">Anglais<\/a>,\u00a0<a href=\"http:\/\/www.vatican.va\/holy_father\/benedict_xvi\/audiences\/2010\/documents\/hf_ben-xvi_aud_20100901_hr.html\">Croate<\/a>,\u00a0<a href=\"http:\/\/www.vatican.va\/holy_father\/benedict_xvi\/audiences\/2010\/documents\/hf_ben-xvi_aud_20100901_sp.html\">Espagnol<\/a>,\u00a0<a href=\"http:\/\/www.vatican.va\/holy_father\/benedict_xvi\/audiences\/2010\/documents\/hf_ben-xvi_aud_20100901_fr.html\">Fran\u00e7ais<\/a>,\u00a0<a href=\"http:\/\/www.vatican.va\/holy_father\/benedict_xvi\/audiences\/2010\/documents\/hf_ben-xvi_aud_20100901_it.html\">Italien<\/a>,\u00a0<a href=\"http:\/\/www.vatican.va\/holy_father\/benedict_xvi\/audiences\/2010\/documents\/hf_ben-xvi_aud_20100901_po.html\">Portugais<\/a>]<br \/>\n<a href=\"http:\/\/www.vatican.va\/holy_father\/benedict_xvi\/audiences\/2010\/documents\/hf_ben-xvi_aud_20100908_fr.html\">&gt;&gt;&gt;\u00a0 Sainte Hildegarde de Bingen (2)<\/a><br \/>\n[<a href=\"http:\/\/www.vatican.va\/holy_father\/benedict_xvi\/audiences\/2010\/documents\/hf_ben-xvi_aud_20100908_ge.html\">Allemand<\/a>,\u00a0<a href=\"http:\/\/www.vatican.va\/holy_father\/benedict_xvi\/audiences\/2010\/documents\/hf_ben-xvi_aud_20100908_en.html\">Anglais<\/a>,\u00a0<a href=\"http:\/\/www.vatican.va\/holy_father\/benedict_xvi\/audiences\/2010\/documents\/hf_ben-xvi_aud_20100908_hr.html\">Croate<\/a>,\u00a0<a href=\"http:\/\/www.vatican.va\/holy_father\/benedict_xvi\/audiences\/2010\/documents\/hf_ben-xvi_aud_20100908_sp.html\">Espagnol<\/a>,\u00a0<a href=\"http:\/\/www.vatican.va\/holy_father\/benedict_xvi\/audiences\/2010\/documents\/hf_ben-xvi_aud_20100908_fr.html\">Fran\u00e7ais<\/a>,\u00a0<a href=\"http:\/\/www.vatican.va\/holy_father\/benedict_xvi\/audiences\/2010\/documents\/hf_ben-xvi_aud_20100908_it.html\">Italien<\/a>,\u00a0<a href=\"http:\/\/www.vatican.va\/holy_father\/benedict_xvi\/audiences\/2010\/documents\/hf_ben-xvi_aud_20100908_po.html\">Portugais<\/a>]<\/p>\n<p>Source principale : vatican.va (\u00ab R\u00e9v. x gpm \u00bb).<\/p>\n<p>&nbsp;<\/p>\n<p>&nbsp;<\/p>\n","protected":false},"excerpt":{"rendered":"<p>H ildegarde\u00a0\u00e9tait d&rsquo;une noble famille germanique. Elle na\u00eet en 1098 en Rh\u00e9nanie, probablement \u00e0 Bermersheim, pr\u00e8s d\u2019Alzey, et meurt en 1179, \u00e0 l\u2019\u00e2ge de 81 ans. Tr\u00e8s jeune, on la confie au couvent de Disibodenberg, un monast\u00e8re double, sur les bords du Rhin, o\u00f9 moines et moniales chantent la louange divine en des b\u00e2timents mitoyens. [&hellip;]<\/p>\n","protected":false},"author":2,"featured_media":0,"comment_status":"closed","ping_status":"closed","sticky":false,"template":"","format":"standard","meta":{"footnotes":""},"categories":[3,16,28],"tags":[142,1383,1287],"class_list":["post-10030","post","type-post","status-publish","format-standard","hentry","category-liturgique","category-jardins-de-la-bible","category-saints-et-saintes","tag-benoit-16","tag-histoire","tag-ste-hildegarde-de-bingen"],"_links":{"self":[{"href":"https:\/\/www.associationdemarie.org\/blog\/wp-json\/wp\/v2\/posts\/10030","targetHints":{"allow":["GET"]}}],"collection":[{"href":"https:\/\/www.associationdemarie.org\/blog\/wp-json\/wp\/v2\/posts"}],"about":[{"href":"https:\/\/www.associationdemarie.org\/blog\/wp-json\/wp\/v2\/types\/post"}],"author":[{"embeddable":true,"href":"https:\/\/www.associationdemarie.org\/blog\/wp-json\/wp\/v2\/users\/2"}],"replies":[{"embeddable":true,"href":"https:\/\/www.associationdemarie.org\/blog\/wp-json\/wp\/v2\/comments?post=10030"}],"version-history":[{"count":1,"href":"https:\/\/www.associationdemarie.org\/blog\/wp-json\/wp\/v2\/posts\/10030\/revisions"}],"predecessor-version":[{"id":10032,"href":"https:\/\/www.associationdemarie.org\/blog\/wp-json\/wp\/v2\/posts\/10030\/revisions\/10032"}],"wp:attachment":[{"href":"https:\/\/www.associationdemarie.org\/blog\/wp-json\/wp\/v2\/media?parent=10030"}],"wp:term":[{"taxonomy":"category","embeddable":true,"href":"https:\/\/www.associationdemarie.org\/blog\/wp-json\/wp\/v2\/categories?post=10030"},{"taxonomy":"post_tag","embeddable":true,"href":"https:\/\/www.associationdemarie.org\/blog\/wp-json\/wp\/v2\/tags?post=10030"}],"curies":[{"name":"wp","href":"https:\/\/api.w.org\/{rel}","templated":true}]}}