{"id":10019,"date":"2014-09-15T01:53:21","date_gmt":"2014-09-15T00:53:21","guid":{"rendered":"http:\/\/www.associationdemarie.org\/blog\/?p=10019"},"modified":"2014-08-25T06:57:02","modified_gmt":"2014-08-25T05:57:02","slug":"notre-dame-des-sept-douleurs-memoire-obligatoire-2","status":"publish","type":"post","link":"https:\/\/www.associationdemarie.org\/blog\/notre-dame-des-sept-douleurs-memoire-obligatoire-2\/","title":{"rendered":"Notre-Dame des Sept-Douleurs &#8211; m\u00e9moire obligatoire"},"content":{"rendered":"<p><a href=\"https:\/\/www.associationdemarie.org\/blog\/wp-content\/uploads\/2014\/08\/DURER_Albrecht_The_Seven_Sorrows_of_the_Virgin.jpg\"><img loading=\"lazy\" decoding=\"async\" class=\"aligncenter size-medium wp-image-10020\" alt=\"DURER_Albrecht_The_Seven_Sorrows_of_the_Virgin\" src=\"https:\/\/www.associationdemarie.org\/blog\/wp-content\/uploads\/2014\/08\/DURER_Albrecht_The_Seven_Sorrows_of_the_Virgin-209x300.jpg\" width=\"209\" height=\"300\" srcset=\"https:\/\/www.associationdemarie.org\/blog\/wp-content\/uploads\/2014\/08\/DURER_Albrecht_The_Seven_Sorrows_of_the_Virgin-209x300.jpg 209w, https:\/\/www.associationdemarie.org\/blog\/wp-content\/uploads\/2014\/08\/DURER_Albrecht_The_Seven_Sorrows_of_the_Virgin-715x1024.jpg 715w, https:\/\/www.associationdemarie.org\/blog\/wp-content\/uploads\/2014\/08\/DURER_Albrecht_The_Seven_Sorrows_of_the_Virgin.jpg 850w\" sizes=\"auto, (max-width: 209px) 100vw, 209px\" \/><\/a><\/p>\n<p>Le 15 septembre (depuis la r\u00e9novation liturgique du Pape Saint Pie X en 1914), la Liturgie de l&rsquo;\u00c9glise nous invite \u00e0 faire m\u00e9moire des douleurs de la Vierge Marie. \u00ab\u00a0<em>Votre peine, Vierge sacr\u00e9e, a \u00e9t\u00e9 la plus grande qu&rsquo;une pure cr\u00e9ature ait jamais endur\u00e9e ; car toutes les cruaut\u00e9s que nous lisons que l&rsquo;on a fait subir aux martyrs, ont \u00e9t\u00e9 l\u00e9g\u00e8res et comme rien en comparaison de Votre douleur. Elle a \u00e9t\u00e9 si grande et si immense, qu&rsquo;elle a crucifi\u00e9 toutes Vos entrailles et a p\u00e9n\u00e9tr\u00e9 jusque dans les plus secrets replis de Votre C\u0153ur. Pour moi, ma tr\u00e8s pieuse Ma\u00eetresse, je suis persuad\u00e9 que Vous n&rsquo;auriez jamais pu en souffrir la violence sans mourir, si l&rsquo;esprit de vie de Votre aimable Fils, pour lequel Vous souffriez de si grands tourments, ne Vous avait soutenue et fortifi\u00e9e par Sa puissance infinie\u00a0<\/em>\u00bb (Saint Anselme\u00a0&#8211; \u00ab\u00a0De l&rsquo;exercice de la Vierge\u00a0\u00bb, I, 5)<\/p>\n<p>La \u00a0<em>M\u00e9moire obligatoire<\/em>\u00a0 de Notre-Dame des Sept-Douleurs\u00a0&#8211;\u00a0que l&rsquo;\u00c9glise nous invite, en cette Octave de la Nativit\u00e9 de la Vierge, \u00e0 m\u00e9diter plus particuli\u00e8rement\u00a0&#8211;\u00a0a pour but de nous rappeler le martyre inou\u00ef qu&rsquo;endura l&rsquo;Auguste Vierge Marie en tant que Co-R\u00e9demptrice du genre humain. L&rsquo;\u00c9glise honore en ce jour Ses incomparables douleurs, sp\u00e9cialement celles qu&rsquo;Elle ressentit au pied de la Croix au moment de la consommation du myst\u00e8re de notre R\u00e9demption. Apr\u00e8s s&rsquo;\u00eatre concentr\u00e9 sur le d\u00e9chirement de l&rsquo;\u00e2me de Marie au jour de la Passion de Son Divin Fils, jour o\u00f9 Ses souffrances atteignirent leur maximum d&rsquo;intensit\u00e9, la pi\u00e9t\u00e9 des fid\u00e8les s&rsquo;est \u00e9tendue \u00e0 d&rsquo;autres douleurs que la Divine M\u00e8re \u00e9prouva \u00e0 diff\u00e9rentes occasions de Sa Tr\u00e8s Sainte vie. Pour illustrer les douleurs de la Vierge M\u00e8re, les peintres repr\u00e9sentent\u00a0<a href=\"http:\/\/notredamedesneiges.over-blog.com\/article-10874322.html\" target=\"_blank\">Son C\u0153ur perc\u00e9 de sept glaives<\/a><a href=\"http:\/\/notredamedesneiges.over-blog.com\/article-10874322.html\" target=\"_blank\">,<\/a>\u00a0symbole des sept douleurs principales de la M\u00e8re de Dieu, qui la couronn\u00e8rent comme Reine des Martyrs. Voici la liste de ces sept douleurs dont le souvenir est cher aux vrais enfants de Marie\u00a0:<\/p>\n<p>1. La proph\u00e9tie du Saint Vieillard Sym\u00e9on (Luc, 2, 34-35)<br \/>\n2. La fuite de la Sainte Famille en \u00c9gypte (Matthieu, 2, 13-21)<br \/>\n3. La disparition de J\u00e9sus pendant trois jours au Temple (Luc, 2, 41-51)<br \/>\n4. La rencontre de la Vierge Marie et J\u00e9sus sur la via dolorosa (Luc, 23, 27-31)<br \/>\n5. Marie contemplant la souffrance et la mort de J\u00e9sus sur la Croix (Jean, 19, 25-27)<br \/>\n6. La Vierge Marie accueille Son Fils mort dans Ses bras lors de la d\u00e9position de Croix.<br \/>\n7. La Vierge Marie abandonne le Corps de Son Divin Fils lors de la mise au Saint S\u00e9pulcre.<\/p>\n<p>Contemplons donc dans les bras de la Vierge Marie, l&rsquo;Homme-Dieu crucifi\u00e9 \u00e0 cause de nos iniquit\u00e9s et compatissons aux douleurs excessives de notre M\u00e8re du Ciel. Joignons nos larmes aux Siennes et d\u00e9testons nos p\u00e9ch\u00e9s qui ayant provoqu\u00e9 la mort de Son Divin Fils, ont \u00e9galement \u00e9t\u00e9 la cause de Son intime martyre. Prions-La de nous obtenir du Sauveur les gr\u00e2ces n\u00e9cessaires pour profiter de Ses exemples et imiter Ses vertus lorsqu&rsquo;Il Lui plaira de nous faire part de Ses humiliations, de Ses douleurs et de Sa croix.<\/p>\n<p>Pour un approfondissement :&amp;<br \/>\n<a href=\"http:\/\/www.google.fr\/url?sa=t&amp;rct=j&amp;q=&amp;esrc=s&amp;frm=1&amp;source=web&amp;cd=12&amp;cad=rja&amp;sqi=2&amp;ved=0CGIQFjAL&amp;url=http%3A%2F%2Fmissel.free.fr%2FSanctoral%2F09%2F15.php&amp;ei=rpPUUce3FMHb0QXG7IFI&amp;usg=AFQjCNFQr8WzLgCLP72Pndi3W0oIfmASyQ\">&gt;&gt;&gt;\u00a0Notre-Dame des douleurs &#8211; Missel<\/a><\/p>\n<p>&nbsp;<\/p>\n<p><iframe loading=\"lazy\" title=\"Vivaldi -Stabat mater\" width=\"500\" height=\"375\" src=\"https:\/\/www.youtube.com\/embed\/GBOaXhohJ3U?feature=oembed\" frameborder=\"0\" allow=\"accelerometer; autoplay; clipboard-write; encrypted-media; gyroscope; picture-in-picture; web-share\" referrerpolicy=\"strict-origin-when-cross-origin\" allowfullscreen><\/iframe><\/p>\n<p>&nbsp;<\/p>\n<p><a style=\"line-height: 1.5em;\" title=\"Francis Poulenc: STABAT MATER [complete version]\" href=\"https:\/\/www.youtube.com\/watch?v=quemnTLY3fE&amp;feature=youtube_gdata\">STABAT MATER<\/a><\/p>\n<p>&nbsp;<\/p>\n<table width=\"100%\" border=\"0\" cellpadding=\"0\">\n<tbody>\n<tr>\n<td width=\"49%\">\n<p align=\"center\">Stabat Mater dolorosa<br \/>\nJuxta Crucem lacrimosa<br \/>\nDum pendebat Filius.<\/p>\n<p align=\"center\"><em>Debout, la M\u00e8re douloureuse<br \/>\nSerrait la Croix, la malheureuse,<br \/>\nO\u00f9 son pauvre enfant pendait.<\/em><\/p>\n<\/td>\n<td width=\"49%\">\n<p align=\"center\">Cujus animam gementem,<br \/>\nContristatam et dolentem,<br \/>\nPertransivit gladius.<\/p>\n<p align=\"center\"><em>Et dans son \u00e2me g\u00e9missante,<br \/>\nInconsolable, d\u00e9faillante,<br \/>\nUn glaive aigu s&rsquo;enfon\u00e7ait.<\/em><\/p>\n<\/td>\n<\/tr>\n<tr>\n<td width=\"49%\">\n<p align=\"center\">O quam tristis et afflicta<br \/>\nFuit illa benedicta<br \/>\nMater Unigeniti !<\/p>\n<p align=\"center\"><em>Ah ! qu&rsquo;elle est triste et d\u00e9sol\u00e9e,<br \/>\nLa M\u00e8re entre toutes combl\u00e9e !<br \/>\nIl \u00e9tait le Premier-N\u00e9 !<\/em><\/p>\n<\/td>\n<td width=\"49%\">\n<p align=\"center\">Quae moerebat et dolebat<br \/>\nPia Mater, dum videbat<br \/>\nNati poenas inclyti.<\/p>\n<p align=\"center\"><em>Elle pleure, pleure, la M\u00e8re,<br \/>\nPieusement qui consid\u00e8re<br \/>\nSon enfant assassin\u00e9.<\/em><\/p>\n<\/td>\n<\/tr>\n<tr>\n<td width=\"49%\">\n<p align=\"center\">Quis est homo qui non fleret,<br \/>\nMatrem Christi si videret<br \/>\nIn tanto supplicio ?<\/p>\n<p align=\"center\"><em>Qui pourrait retenir ses pleurs<br \/>\nA voir la M\u00e8re du Seigneur<br \/>\nEndurer un tel Calvaire ?<\/em><\/p>\n<\/td>\n<td width=\"49%\">\n<p align=\"center\">Quis non posset contristari,<br \/>\nChristi Matrem contemplari<br \/>\nDolentem cum Filio ?<\/p>\n<p align=\"center\"><em>Qui peut, sans se sentir contrit,<br \/>\nRegarder pr\u00e8s de J\u00e9sus-Christ<br \/>\nPleurer tristement sa M\u00e8re ?<\/em><\/p>\n<\/td>\n<\/tr>\n<tr>\n<td width=\"49%\">\n<p align=\"center\">Pro peccatis suae gentis,<br \/>\nVidit Jesum in tormentis,<br \/>\nEt flagellis subditum.<\/p>\n<p align=\"center\"><em>Pour les p\u00e9ch\u00e9s de sa nation,<br \/>\nElle le voit, dans sa Passion,<br \/>\nSous les cinglantes lani\u00e8res.<\/em><\/p>\n<\/td>\n<td width=\"49%\">\n<p align=\"center\">Vidit suum dulcem natum<br \/>\nMoriendo desolatum,<br \/>\nDum emisit spiritum.<\/p>\n<p align=\"center\"><em>Elle voit son petit gar\u00e7on<br \/>\nQui meurt dans un grand abandon<br \/>\nEt remet son \u00e2me \u00e0 son P\u00e8re.<\/em><\/p>\n<\/td>\n<\/tr>\n<tr>\n<td width=\"49%\">\n<p align=\"center\">Eia Mater, fons amoris,<br \/>\nMe sentire vim doloris<br \/>\nFac, ut tecum lugeam.<\/p>\n<p align=\"center\"><em>Pour que je pleure avec toi,<br \/>\nM\u00e8re, source d&rsquo;amour, fais-moi<br \/>\nRessentir ta peine am\u00e8re !<\/em><\/p>\n<\/td>\n<td width=\"49%\">\n<p align=\"center\">Fac, ut ardeat cor meum<br \/>\nIn amando Christum Deum,<br \/>\nUt sibi complaceam.<\/p>\n<p align=\"center\"><em>Fais qu&rsquo;en mon coeur br\u00fble un grand feu,<br \/>\nL&rsquo;amour de J\u00e9sus-Christ mon Dieu,<br \/>\nPour que je puisse lui plaire !<\/em><\/p>\n<\/td>\n<\/tr>\n<tr>\n<td width=\"49%\">\n<p align=\"center\">Sancta Mater, istud agas,<br \/>\nCrucifixi fige plagas<br \/>\nCordi meo valide.<\/p>\n<p align=\"center\"><em>Exauce-moi, \u00f4 sainte M\u00e8re,<br \/>\nEt plante les clous du Calvaire<br \/>\nDans mon coeur, profond\u00e9ment !<\/em><\/p>\n<\/td>\n<td width=\"49%\">\n<p align=\"center\">Tui nati vulnerati,<br \/>\nTam dignati pro me pati,<br \/>\nPoenas mecum divide.<\/p>\n<p align=\"center\"><em>Pour moi ton Fils, couvert de plaies,<br \/>\nA voulu tout souffrir ! Que j&rsquo;aie<br \/>\nUne part de ses tourments !<\/em><\/p>\n<\/td>\n<\/tr>\n<tr>\n<td width=\"49%\">\n<p align=\"center\">Fac me tecum pie flere,<br \/>\nCrucifixo condolore,<br \/>\nDonec ego vixero.<\/p>\n<p align=\"center\"><em>Que je pleure en bon fils avec toi,<br \/>\nQue je souffre avec lui sur la Croix<br \/>\nTant que durera ma vie !<\/em><\/p>\n<\/td>\n<td width=\"49%\">\n<p align=\"center\">Juxta Crucem tecum stare,<br \/>\nEt me tibi sociare<br \/>\nIn planctu desidero.<\/p>\n<p align=\"center\"><em>Je veux contre la Croix rester<br \/>\nDebout pr\u00e8s de toi, et pleurer<br \/>\nTon fils en ta compagnie !<\/em><\/p>\n<\/td>\n<\/tr>\n<tr>\n<td width=\"49%\">\n<p align=\"center\">Virgo virginum proeclara,<br \/>\nMihi jam non sis amara,<br \/>\nFac me tecum plangere.<\/p>\n<p align=\"center\"><em>O Vierge, entre les vierges claire,<br \/>\nPour moi ne sois plus si am\u00e8re :<br \/>\nFais que je pleure avec toi !<\/em><\/p>\n<\/td>\n<td width=\"49%\">\n<p align=\"center\">Fac, ut portem Christi mortem,<br \/>\nPassionis fac consortem,<br \/>\nEt plagas recolere.<\/p>\n<p align=\"center\"><em>Fais que me marque son supplice,<br \/>\nQu&rsquo;\u00e0 sa Passion je compatisse,<br \/>\nQue je m&rsquo;applique \u00e0 sa Croix !<\/em><\/p>\n<\/td>\n<\/tr>\n<tr>\n<td width=\"49%\">\n<p align=\"center\">Fac me plagis vulnerari,<br \/>\nFac me Cruce inebriari,<br \/>\nEt cruore Filii.<\/p>\n<p align=\"center\"><em>Fais que ses blessures me blessent,<br \/>\nQue je go\u00fbte \u00e0 la Croix l&rsquo;ivresse<br \/>\nEt le sang de ton enfant !<\/em><\/p>\n<\/td>\n<td width=\"49%\">\n<p align=\"center\">Flammis ne urar succensus,<br \/>\nPer te, Virgo, sim defensus<br \/>\nIn die judicii.<\/p>\n<p align=\"center\"><em>Pour que j&rsquo;\u00e9chappe aux vives flammes,<br \/>\nPrends ma d\u00e9fense, \u00f4 notre Dame,<br \/>\nAu grand jour du jugement !<\/em><\/p>\n<\/td>\n<\/tr>\n<tr>\n<td width=\"49%\">\n<p align=\"center\">Christe, cum sit hinc exire,<br \/>\nDa per Matrem me venire<br \/>\nAd palmam victoriae.<\/p>\n<p align=\"center\"><em>J\u00e9sus, quand il faudra partir,<br \/>\nPuisse ta M\u00e8re m&rsquo;obtenir<br \/>\nLa palme de la victoire.<\/em><\/p>\n<\/td>\n<td width=\"49%\">\n<p align=\"center\">Quando corpus morietur,<br \/>\nFac, ut animae donetur<br \/>\nParidisi gloria.<\/p>\n<p align=\"center\"><em>Et quand mon corps aura souffert,<br \/>\nFais qu&rsquo;\u00e0 mon \u00e2me soit ouvert<br \/>\nLe beau paradis de gloire !<\/em><\/p>\n<\/td>\n<\/tr>\n<\/tbody>\n<\/table>\n","protected":false},"excerpt":{"rendered":"<p>Le 15 septembre (depuis la r\u00e9novation liturgique du Pape Saint Pie X en 1914), la Liturgie de l&rsquo;\u00c9glise nous invite \u00e0 faire m\u00e9moire des douleurs de la Vierge Marie. \u00ab\u00a0Votre peine, Vierge sacr\u00e9e, a \u00e9t\u00e9 la plus grande qu&rsquo;une pure cr\u00e9ature ait jamais endur\u00e9e ; car toutes les cruaut\u00e9s que nous lisons que l&rsquo;on a [&hellip;]<\/p>\n","protected":false},"author":2,"featured_media":0,"comment_status":"closed","ping_status":"closed","sticky":false,"template":"","format":"standard","meta":{"footnotes":""},"categories":[3,13,26,27],"tags":[1285,1085,1197],"class_list":["post-10019","post","type-post","status-publish","format-standard","hentry","category-liturgique","category-ecritures","category-priere-des-ames","category-prieres","tag-notre-dame-des-7-douleurs","tag-stabat-mater","tag-vivaldi"],"_links":{"self":[{"href":"https:\/\/www.associationdemarie.org\/blog\/wp-json\/wp\/v2\/posts\/10019","targetHints":{"allow":["GET"]}}],"collection":[{"href":"https:\/\/www.associationdemarie.org\/blog\/wp-json\/wp\/v2\/posts"}],"about":[{"href":"https:\/\/www.associationdemarie.org\/blog\/wp-json\/wp\/v2\/types\/post"}],"author":[{"embeddable":true,"href":"https:\/\/www.associationdemarie.org\/blog\/wp-json\/wp\/v2\/users\/2"}],"replies":[{"embeddable":true,"href":"https:\/\/www.associationdemarie.org\/blog\/wp-json\/wp\/v2\/comments?post=10019"}],"version-history":[{"count":2,"href":"https:\/\/www.associationdemarie.org\/blog\/wp-json\/wp\/v2\/posts\/10019\/revisions"}],"predecessor-version":[{"id":10022,"href":"https:\/\/www.associationdemarie.org\/blog\/wp-json\/wp\/v2\/posts\/10019\/revisions\/10022"}],"wp:attachment":[{"href":"https:\/\/www.associationdemarie.org\/blog\/wp-json\/wp\/v2\/media?parent=10019"}],"wp:term":[{"taxonomy":"category","embeddable":true,"href":"https:\/\/www.associationdemarie.org\/blog\/wp-json\/wp\/v2\/categories?post=10019"},{"taxonomy":"post_tag","embeddable":true,"href":"https:\/\/www.associationdemarie.org\/blog\/wp-json\/wp\/v2\/tags?post=10019"}],"curies":[{"name":"wp","href":"https:\/\/api.w.org\/{rel}","templated":true}]}}