{"id":10014,"date":"2014-09-14T01:08:22","date_gmt":"2014-09-14T00:08:22","guid":{"rendered":"http:\/\/www.associationdemarie.org\/blog\/?p=10014"},"modified":"2014-08-24T09:13:16","modified_gmt":"2014-08-24T08:13:16","slug":"fete-de-la-croix-glorieuse-2","status":"publish","type":"post","link":"https:\/\/www.associationdemarie.org\/blog\/fete-de-la-croix-glorieuse-2\/","title":{"rendered":"F\u00eate de la Croix Glorieuse"},"content":{"rendered":"<p><a href=\"https:\/\/www.associationdemarie.org\/blog\/wp-content\/uploads\/2014\/09\/Esaltazione_della_Santa_Croce.jpg\"><img loading=\"lazy\" decoding=\"async\" class=\"alignright size-medium wp-image-10017\" alt=\"Esaltazione_della_Santa_Croce\" src=\"https:\/\/www.associationdemarie.org\/blog\/wp-content\/uploads\/2014\/09\/Esaltazione_della_Santa_Croce-204x300.jpg\" width=\"204\" height=\"300\" srcset=\"https:\/\/www.associationdemarie.org\/blog\/wp-content\/uploads\/2014\/09\/Esaltazione_della_Santa_Croce-204x300.jpg 204w, https:\/\/www.associationdemarie.org\/blog\/wp-content\/uploads\/2014\/09\/Esaltazione_della_Santa_Croce.jpg 477w\" sizes=\"auto, (max-width: 204px) 100vw, 204px\" \/><\/a>La v\u00e9n\u00e9ration de la Sainte Croix, le 14 septembre, se rattache aux solennit\u00e9s de la d\u00e9dicace de la basilique de la R\u00e9surrection, \u00e9rig\u00e9e sur le tombeau du Christ, en 335. Le Christ a offert sur la Croix son sacrifice pour l&rsquo;expiation des p\u00e9ch\u00e9s de la multitude\u00a0; la Croix est pour le peuple chr\u00e9tien le signe de l&rsquo;esp\u00e9rance du Royaume, que le peuple juif c\u00e9l\u00e8bre lors de la f\u00eate des Tentes. C&rsquo;est dire de quelle lumi\u00e8re brille la Croix glorieuse de J\u00e9sus\u00a0: objet de m\u00e9pris, la Croix est devenue \u00ab\u00a0notre fiert\u00e9\u00a0\u00bb. Si l&rsquo;arbre plant\u00e9 au paradis originel a produit pour Adam un fruit de mort, l&rsquo;arbre de la Croix a port\u00e9 pour nous un fruit de vie, le Christ, \u00ab\u00a0en qui nous avons le salut et la r\u00e9surrection\u00a0\u00bb.<\/p>\n<p>Sous le r\u00e8gne de l&#8217;empereur H\u00e9raclius Ier, les Perses s&#8217;empar\u00e8rent de J\u00e9rusalem et y enlev\u00e8rent la principale partie de la vraie Croix de Notre-Seigneur, que sainte H\u00e9l\u00e8ne, m\u00e8re de l&#8217;empereur Constantin, y avait laiss\u00e9e. H\u00e9raclius r\u00e9solut de reconqu\u00e9rir cet objet pr\u00e9cieux, nouvelle Arche d&rsquo;alliance du nouveau peuple de Dieu. Avant de quitter Constantinople, il vint \u00e0 l&rsquo;\u00e9glise, les pieds chauss\u00e9s de noir, en esprit de p\u00e9nitence\u00a0; il se prosterna devant l&rsquo;autel et pria Dieu de seconder son courage ; enfin il emporta avec lui une image miraculeuse du Sauveur, d\u00e9cid\u00e9 \u00e0 combattre avec elle jusqu&rsquo;\u00e0 la mort.<\/p>\n<p>Le Ciel aida sensiblement le vaillant empereur, car son arm\u00e9e courut de victoire en victoire\u00a0; une des conditions du trait\u00e9 de paix fut la reddition de la Croix de Notre-Seigneur dans le m\u00eame \u00e9tat o\u00f9 elle avait \u00e9t\u00e9 prise. H\u00e9raclius, \u00e0 son retour, fut re\u00e7u \u00e0 Constantinople par les acclamations du peuple\u00a0; on alla au-devant de lui avec des rameaux d&rsquo;oliviers et des flambeaux, et la vraie Croix fut honor\u00e9e, \u00e0 cette occasion, d&rsquo;un magnifique triomphe.<\/p>\n<p>L&#8217;empereur lui-m\u00eame, en action de gr\u00e2ce, voulut retourner \u00e0 J\u00e9rusalem ce bois sacr\u00e9. Quand il fut arriv\u00e9 dans la Cit\u00e9 Sainte, il chargea la relique pr\u00e9cieuse sur ses \u00e9paules\u00a0; mais lorsqu&rsquo;il fut \u00e0 la porte qui m\u00e8ne au Calvaire, il lui fut impossible d&rsquo;avancer, \u00e0 son grand \u00e9tonnement et \u00e0 la stup\u00e9faction de tout\u00a0: \u00ab\u00a0<em>Prenez garde, \u00f4 empereur\u00a0!<\/em>\u00a0lui dit alors le patriarche Zacharie\u00a0;\u00a0<em>sans doute le v\u00eatement imp\u00e9rial que vous portez n&rsquo;est pas assez conforme \u00e0 l&rsquo;\u00e9tat pauvre et humili\u00e9 de J\u00e9sus portant sa Croix.\u00a0<\/em>\u00bb H\u00e9raclius, touch\u00e9 de ces paroles, quitta ses ornements imp\u00e9riaux, \u00f4ta ses chaussures, et, v\u00eatu en pauvre, il put gravir sans difficult\u00e9 jusqu&rsquo;au Calvaire et y d\u00e9poser son glorieux fardeau.<\/p>\n<p>Pour donner plus d&rsquo;\u00e9clat \u00e0 cette marche triomphale, Dieu permit que plusieurs miracles fussent op\u00e9r\u00e9s par la vertu de ce bois sacr\u00e9. \u00c0 la suite de ces \u00e9v\u00e9nements fut institu\u00e9e la f\u00eate de l&rsquo;Exaltation de la Sainte Croix, pour en perp\u00e9tuer le souvenir.<\/p>\n<p><span style=\"color: #ffffff;\">.<\/span><br \/>\n<i>Abb\u00e9 L. Jaud, Vie des Saints pour tous les jours de l&rsquo;ann\u00e9e, Tours, Mame, 1950.<\/i><\/p>\n<p>&nbsp;<\/p>\n<p><a href=\"https:\/\/www.associationdemarie.org\/blog\/wp-content\/uploads\/2014\/08\/image069.gif\"><img loading=\"lazy\" decoding=\"async\" class=\"aligncenter size-full wp-image-10015\" alt=\"image069\" src=\"https:\/\/www.associationdemarie.org\/blog\/wp-content\/uploads\/2014\/08\/image069.gif\" width=\"531\" height=\"340\" \/><\/a><\/p>\n<p>\u2026Devenu homme par amour des hommes,<br \/>\nIl fit don de la pl\u00e9nitude de sa vie humaine<br \/>\naux \u00e2mes qu\u2019Il s\u2019est choisies.<br \/>\nLui qui a form\u00e9 chaque c\u0153ur humain<br \/>\nveut un jour manifester<br \/>\nle sens secret de l\u2019\u00eatre de chacun<br \/>\npar un nom nouveau que seul comprend celui qui le re\u00e7oit (Ap 2,17).<br \/>\nIl s\u2019est uni chacun des \u00e9lus<br \/>\nd\u2019une mani\u00e8re myst\u00e9rieuse et unique.<br \/>\nPuisant de la pl\u00e9nitude de sa vie humaine,<br \/>\nIl nous fit don<br \/>\nde la croix.<\/p>\n<p>Qu\u2019est-ce que la croix ?<br \/>\nLe signe du plus grand opprobre.<br \/>\nCelui qui entre en contact avec elle<br \/>\nest rejet\u00e9 d\u2019entre les hommes.<br \/>\nCeux qui un jour L\u2019ont acclam\u00e9<br \/>\nse d\u00e9tournent de Lui avec effroi et ne Le connaissent plus.<br \/>\nIl est livr\u00e9 sans d\u00e9fense \u00e0 ses ennemis.<br \/>\nSur terre il ne lui reste rien d\u2019autre<br \/>\nque les souffrances, les tourments et la mort.<\/p>\n<p>Qu\u2019est-ce que la croix ?<br \/>\nLe signe qui indique le ciel.<br \/>\nBien au-dessus de la poussi\u00e8re et des brumes d\u2019ici-bas<br \/>\nelle se dresse haut, jusqu\u2019en la pure lumi\u00e8re.<br \/>\nAbandonne donc ce que les hommes peuvent prendre,<br \/>\nouvre les mains, serre-toi contre la croix :<br \/>\nelle te porte alors<br \/>\njusqu\u2019en la lumi\u00e8re \u00e9ternelle.<\/p>\n<p>L\u00e8ve les yeux vers la croix :<br \/>\nelle \u00e9tend ses poutres<br \/>\n\u00e0 la mani\u00e8re d\u2019un homme qui ouvre les bras<br \/>\npour accueillir le monde entier.<br \/>\nVenez tous, vous qui peinez sous le poids du fardeau (Mt 11,28)<br \/>\net vous aussi qui n\u2019avez qu\u2019un cri, sur la croix avec Lui.<br \/>\nElle est l\u2019image du Dieu qui, crucifi\u00e9, devint livide.<br \/>\nElle s\u2019\u00e9l\u00e8ve de la terre jusqu\u2019au ciel,<br \/>\ncomme Celui qui est mont\u00e9 au ciel<br \/>\net voudrait nous y emporter tous ensemble avec Lui.<\/p>\n<p>Enlace seulement la croix, et tu le poss\u00e8des, Lui,<br \/>\nle Chemin, la V\u00e9rit\u00e9, la Vie (Jn 14,6).<br \/>\nSi tu portes ta croix, c\u2019est elle qui te portera,<br \/>\nelle te sera b\u00e9atitude.<\/p>\n<p>Sainte Th\u00e9r\u00e8se-B\u00e9n\u00e9dicte de la Croix [\u00c9dith Stein] (1891-1942), carm\u00e9lite, martyre, copatronne de l&rsquo;Europe<br \/>\n<i>Po\u00e9sie \u00ab Signum Crucis \u00bb, 16\/11\/1937 (trad. Malgr\u00e9 la nuit, Ad Solem 2002, p. 65)<\/i><\/p>\n<p>&nbsp;<\/p>\n<p>&nbsp;<\/p>\n","protected":false},"excerpt":{"rendered":"<p>La v\u00e9n\u00e9ration de la Sainte Croix, le 14 septembre, se rattache aux solennit\u00e9s de la d\u00e9dicace de la basilique de la R\u00e9surrection, \u00e9rig\u00e9e sur le tombeau du Christ, en 335. Le Christ a offert sur la Croix son sacrifice pour l&rsquo;expiation des p\u00e9ch\u00e9s de la multitude\u00a0; la Croix est pour le peuple chr\u00e9tien le signe [&hellip;]<\/p>\n","protected":false},"author":2,"featured_media":0,"comment_status":"closed","ping_status":"closed","sticky":false,"template":"","format":"standard","meta":{"footnotes":""},"categories":[3,13,1261,15,26,28],"tags":[54,97,220,275,1382,1383,777,831,1108],"class_list":["post-10014","post","type-post","status-publish","format-standard","hentry","category-liturgique","category-ecritures","category-enseignement-2","category-histoire","category-priere-des-ames","category-saints-et-saintes","tag-alliance","tag-arche","tag-christ","tag-croix-glorieuse","tag-ecritures","tag-histoire","tag-passion","tag-priere-et-chant","tag-ste-therese-benedicte-de-la-croix"],"_links":{"self":[{"href":"https:\/\/www.associationdemarie.org\/blog\/wp-json\/wp\/v2\/posts\/10014","targetHints":{"allow":["GET"]}}],"collection":[{"href":"https:\/\/www.associationdemarie.org\/blog\/wp-json\/wp\/v2\/posts"}],"about":[{"href":"https:\/\/www.associationdemarie.org\/blog\/wp-json\/wp\/v2\/types\/post"}],"author":[{"embeddable":true,"href":"https:\/\/www.associationdemarie.org\/blog\/wp-json\/wp\/v2\/users\/2"}],"replies":[{"embeddable":true,"href":"https:\/\/www.associationdemarie.org\/blog\/wp-json\/wp\/v2\/comments?post=10014"}],"version-history":[{"count":2,"href":"https:\/\/www.associationdemarie.org\/blog\/wp-json\/wp\/v2\/posts\/10014\/revisions"}],"predecessor-version":[{"id":10018,"href":"https:\/\/www.associationdemarie.org\/blog\/wp-json\/wp\/v2\/posts\/10014\/revisions\/10018"}],"wp:attachment":[{"href":"https:\/\/www.associationdemarie.org\/blog\/wp-json\/wp\/v2\/media?parent=10014"}],"wp:term":[{"taxonomy":"category","embeddable":true,"href":"https:\/\/www.associationdemarie.org\/blog\/wp-json\/wp\/v2\/categories?post=10014"},{"taxonomy":"post_tag","embeddable":true,"href":"https:\/\/www.associationdemarie.org\/blog\/wp-json\/wp\/v2\/tags?post=10014"}],"curies":[{"name":"wp","href":"https:\/\/api.w.org\/{rel}","templated":true}]}}