{"id":10010,"date":"2014-09-13T01:49:35","date_gmt":"2014-09-13T00:49:35","guid":{"rendered":"http:\/\/www.associationdemarie.org\/blog\/?p=10010"},"modified":"2014-08-23T07:53:25","modified_gmt":"2014-08-23T06:53:25","slug":"fonde-sur-le-roc","status":"publish","type":"post","link":"https:\/\/www.associationdemarie.org\/blog\/fonde-sur-le-roc\/","title":{"rendered":"Fond\u00e9 sur le roc"},"content":{"rendered":"<p><a href=\"https:\/\/www.associationdemarie.org\/blog\/wp-content\/uploads\/2014\/08\/questarmor.jpg\"><img loading=\"lazy\" decoding=\"async\" class=\"alignright size-full wp-image-10011\" alt=\"questarmor\" src=\"https:\/\/www.associationdemarie.org\/blog\/wp-content\/uploads\/2014\/08\/questarmor.jpg\" width=\"225\" height=\"150\" \/><\/a>Aujourd&rsquo;hui je me ceins de la force puissante de l&rsquo;invocation de la Trinit\u00e9, de la foi en Dieu un et trois, le Cr\u00e9ateur de l&rsquo;univers.<\/p>\n<p>Aujourd&rsquo;hui je me ceins de la force de l&rsquo;Incarnation du Christ et de son bapt\u00eame, de la force de sa crucifixion et de sa mise au tombeau, de la force de sa R\u00e9surrection et de son Ascension, de la force de sa venue au jour du Jugement.<\/p>\n<p>Aujourd&rsquo;hui je me ceins de la force de l&rsquo;amour des s\u00e9raphins, dans l&rsquo;ob\u00e9issance des anges, dans le service des archanges, dans l&rsquo;esp\u00e9rance de la r\u00e9surrection en vue de la r\u00e9compense, dans les pri\u00e8res des patriarches, dans les proph\u00e9ties des proph\u00e8tes, dans la pr\u00e9dication des ap\u00f4tres, dans la fid\u00e9lit\u00e9 des confesseurs, dans l&rsquo;innocence des vierges saintes, dans les actions de tous les justes.<\/p>\n<p>Aujourd&rsquo;hui je me ceins de la force des cieux, de la lumi\u00e8re du soleil, de la clart\u00e9 de la lune, de la splendeur du feu, de l&rsquo;\u00e9clat de l&rsquo;\u00e9clair, de la rapidit\u00e9 du vent, de la profondeur de la mer, de la stabilit\u00e9 de la terre, de la solidit\u00e9 des pierres.<\/p>\n<p>Aujourd&rsquo;hui je me ceins de la force de Dieu pour me guider, de la puissance de Dieu pour me soutenir, de la sagesse de Dieu pour m&rsquo;instruire, de l&rsquo;\u0153il de Dieu pour me garder, de l&rsquo;oreille de Dieu pour m&rsquo;entendre, de la parole de Dieu pour parler pour moi, de la main de Dieu pour me guider, du chemin de Dieu pour me pr\u00e9c\u00e9der, du bouclier de Dieu pour me prot\u00e9ger, des arm\u00e9es de Dieu pour me sauver des filets des d\u00e9mons, des s\u00e9ductions des vices, des penchants de la nature, et de tous ceux qui me veulent du mal&#8230;<\/p>\n<p>Christ avec moi, Christ devant moi, Christ derri\u00e8re moi, Christ en moi, Christ au-dessous de moi, Christ au-dessus de moi, Christ \u00e0 ma droite, Christ \u00e0 ma gauche, Christ \u00e0 mon lever, Christ \u00e0 mon coucher, Christ dans chaque c\u0153ur qui pense \u00e0 moi, Christ dans chaque bouche qui me parle, Christ dans chaque \u0153il qui me regarde, Christ dans chaque oreille qui m&rsquo;entend.<\/p>\n<p>Aujourd&rsquo;hui je me ceins de la force puissante de l&rsquo;invocation de la Trinit\u00e9, de la foi en Dieu un et trois, le Cr\u00e9ateur de l&rsquo;univers.<\/p>\n<p>Saint Patrick (v. 385-v. 461), moine missionnaire, \u00e9v\u00eaque<br \/>\n<i>Lorica : \u00ab La Cuirasse \u00bb (cf Ep 6,14)<\/i><\/p>\n<p>&nbsp;<\/p>\n<p>&nbsp;<\/p>\n<p>&nbsp;<\/p>\n","protected":false},"excerpt":{"rendered":"<p>Aujourd&rsquo;hui je me ceins de la force puissante de l&rsquo;invocation de la Trinit\u00e9, de la foi en Dieu un et trois, le Cr\u00e9ateur de l&rsquo;univers. Aujourd&rsquo;hui je me ceins de la force de l&rsquo;Incarnation du Christ et de son bapt\u00eame, de la force de sa crucifixion et de sa mise au tombeau, de la force [&hellip;]<\/p>\n","protected":false},"author":2,"featured_media":0,"comment_status":"closed","ping_status":"closed","sticky":false,"template":"","format":"standard","meta":{"footnotes":""},"categories":[3,13,26],"tags":[1284,220,1283,1282,1110],"class_list":["post-10010","post","type-post","status-publish","format-standard","hentry","category-liturgique","category-ecritures","category-priere-des-ames","tag-armure","tag-christ","tag-cuirasse","tag-st-patrick","tag-ste-trinite"],"_links":{"self":[{"href":"https:\/\/www.associationdemarie.org\/blog\/wp-json\/wp\/v2\/posts\/10010","targetHints":{"allow":["GET"]}}],"collection":[{"href":"https:\/\/www.associationdemarie.org\/blog\/wp-json\/wp\/v2\/posts"}],"about":[{"href":"https:\/\/www.associationdemarie.org\/blog\/wp-json\/wp\/v2\/types\/post"}],"author":[{"embeddable":true,"href":"https:\/\/www.associationdemarie.org\/blog\/wp-json\/wp\/v2\/users\/2"}],"replies":[{"embeddable":true,"href":"https:\/\/www.associationdemarie.org\/blog\/wp-json\/wp\/v2\/comments?post=10010"}],"version-history":[{"count":1,"href":"https:\/\/www.associationdemarie.org\/blog\/wp-json\/wp\/v2\/posts\/10010\/revisions"}],"predecessor-version":[{"id":10012,"href":"https:\/\/www.associationdemarie.org\/blog\/wp-json\/wp\/v2\/posts\/10010\/revisions\/10012"}],"wp:attachment":[{"href":"https:\/\/www.associationdemarie.org\/blog\/wp-json\/wp\/v2\/media?parent=10010"}],"wp:term":[{"taxonomy":"category","embeddable":true,"href":"https:\/\/www.associationdemarie.org\/blog\/wp-json\/wp\/v2\/categories?post=10010"},{"taxonomy":"post_tag","embeddable":true,"href":"https:\/\/www.associationdemarie.org\/blog\/wp-json\/wp\/v2\/tags?post=10010"}],"curies":[{"name":"wp","href":"https:\/\/api.w.org\/{rel}","templated":true}]}}