{"id":10007,"date":"2014-09-12T01:37:30","date_gmt":"2014-09-12T00:37:30","guid":{"rendered":"http:\/\/www.associationdemarie.org\/blog\/?p=10007"},"modified":"2014-08-22T07:40:38","modified_gmt":"2014-08-22T06:40:38","slug":"le-saint-nom-de-marie-memoire-facultative-2","status":"publish","type":"post","link":"https:\/\/www.associationdemarie.org\/blog\/le-saint-nom-de-marie-memoire-facultative-2\/","title":{"rendered":"Le Saint Nom de Marie &#8211; m\u00e9moire facultative"},"content":{"rendered":"<p><a href=\"https:\/\/www.associationdemarie.org\/blog\/wp-content\/uploads\/2014\/08\/Santissimo_Nome_di_Maria.jpg\"><img loading=\"lazy\" decoding=\"async\" class=\"aligncenter size-full wp-image-10008\" alt=\"Santissimo_Nome_di_Maria\" src=\"https:\/\/www.associationdemarie.org\/blog\/wp-content\/uploads\/2014\/08\/Santissimo_Nome_di_Maria.jpg\" width=\"330\" height=\"461\" srcset=\"https:\/\/www.associationdemarie.org\/blog\/wp-content\/uploads\/2014\/08\/Santissimo_Nome_di_Maria.jpg 330w, https:\/\/www.associationdemarie.org\/blog\/wp-content\/uploads\/2014\/08\/Santissimo_Nome_di_Maria-214x300.jpg 214w\" sizes=\"auto, (max-width: 330px) 100vw, 330px\" \/><\/a><\/p>\n<p>La f\u00eate du Saint Nom de Marie fut \u00e9tablie par le Bx Innocent XI (Benedetto Odescalchi, 1676-1689),\u00a0l&rsquo;an 1683,\u00a0en souvenir d&rsquo;une m\u00e9morable victoire remport\u00e9e par les Chr\u00e9tiens sur les Turcs,\u00a0avec la protection visible de la Reine du Ciel.<\/p>\n<p>Cent cinquante mille Turcs s&rsquo;\u00e9taient avanc\u00e9s jusque sous les murs de Vienne et mena\u00e7aient l&rsquo;Europe enti\u00e8re. Sobieski,\u00a0roi de Pologne,\u00a0vint au secours de la ville assi\u00e9g\u00e9e dans le temps de l&rsquo;octave de la Nativit\u00e9 de la Sainte Vierge,\u00a0et se disposa \u00e0 livrer une bataille g\u00e9n\u00e9rale. Ce religieux prince commen\u00e7a par faire c\u00e9l\u00e9brer la messe,\u00a0qu&rsquo;il voulut servir lui-m\u00eame,\u00a0ayant les bras en croix. Apr\u00e8s y avoir communi\u00e9 avec ferveur,\u00a0il se leva \u00e0 la fin du sacrifice et s&rsquo;\u00e9cria\u00a0:\u00a0\u00ab\u00a0<em>Marchons avec confiance sous la protection du ciel et avec l&rsquo;assistance de la tr\u00e8s sainte Vierge.<\/em>\u00a0\u00bb Son espoir ne fut pas tromp\u00e9\u00a0:\u00a0les Turcs,\u00a0frapp\u00e9s d&rsquo;une terreur panique,\u00a0prirent la fuite en d\u00e9sordre. C&rsquo;est depuis cette \u00e9poque m\u00e9morable que la f\u00eate du Saint Nom de Marie se c\u00e9l\u00e8bre dans l&rsquo;octave de sa Nativit\u00e9.<\/p>\n<p>Il \u00e9tait bien juste que le nom de Marie trouv\u00e2t sa place,\u00a0dans nos f\u00eates catholiques,\u00a0\u00e0 c\u00f4t\u00e9 du nom de J\u00e9sus\u00a0; le nom de Marie est un nom glorieux,\u00a0un nom tout aimable,\u00a0un nom salutaire. Les saints se sont essay\u00e9s \u00e0 l&rsquo;envi \u00e0 retracer les merveilles du nom de Marie. La premi\u00e8re gloire de ce nom b\u00e9ni, c&rsquo;est qu&rsquo;il fut inspir\u00e9 par Dieu aux parents de la Vierge naissante et que l&rsquo;archange Gabriel le pronon\u00e7a d&rsquo;une voix pleine de respect\u00a0;\u00a0et depuis,\u00a0toutes les g\u00e9n\u00e9rations chr\u00e9tiennes le redisent \u00e0 chaque instant du jour\u00a0; le Ciel prononce \u00e0 la terre ce nom si beau, et la terre en renvoie au Ciel l&rsquo;\u00e9cho m\u00e9lodieux\u00a0:<\/p>\n<p>\u00ab\u00a0<em>Au nom de Marie<\/em>,\u00a0 dit Pierre de Blois,\u00a0<em>l&rsquo;\u00c9glise fl\u00e9chit le genou,\u00a0les v\u0153ux et les pri\u00e8res des peuples retentissent de toutes parts.<\/em>\u00a0\u00bb\u00a0;<br \/>\n\u00ab\u00a0<em>Que Votre nom est glorieux,\u00a0\u00f4 sainte M\u00e8re de Dieu\u00a0!<\/em>\u00a0s&rsquo;\u00e9crie saint Bonaventure,\u00a0<em>qu&rsquo;il est glorieux, ce nom qui a \u00e9t\u00e9 la source de tant de merveilles\u00a0!<\/em>\u00a0\u00bb\u00a0;<br \/>\n\u00ab\u00a0<em>\u00d4 nom plein de suavit\u00e9\u00a0!<\/em>\u00a0 s&rsquo;\u00e9crie le bienheureux Henri Suzo.\u00a0\u00d4 Marie\u00a0!\u00a0<em>Qui \u00eates-vous donc vous-m\u00eame,\u00a0si votre nom seul est d\u00e9j\u00e0 si aimable et si rempli de charmes\u00a0?<\/em>\u00a0\u00bb\u00a0;<br \/>\n\u00ab\u00a0<em>Votre nom,\u00a0\u00f4 Marie,<\/em>\u00a0dit saint Ambroise,\u00a0<em>est un baume d\u00e9licieux qui r\u00e9pand l&rsquo;odeur de la gr\u00e2ce\u00a0!\u00a0<\/em>\u00bb\u00a0;<\/p>\n<p>Mais surtout le nom de Marie est un nom de salut. Saint \u00c9phrem l&rsquo;appelle\u00a0\u00ab la clef du ciel\u00a0\u00bb.\u00a0\u00ab\u00a0<em>Le nom seul de Marie<\/em>,\u00a0dit saint Bernard,\u00a0<em>met en fuite tous les d\u00e9mons&#8230;<\/em>\u00a0\u00bb.<br \/>\nCe n&rsquo;est l\u00e0 qu&rsquo;un faible \u00e9cho de l&rsquo;apologie du nom de Marie faite par les saints.<\/p>\n<p>\u00a9Evangelizo.org<\/p>\n<p>&nbsp;<\/p>\n<p>&nbsp;<\/p>\n","protected":false},"excerpt":{"rendered":"<p>La f\u00eate du Saint Nom de Marie fut \u00e9tablie par le Bx Innocent XI (Benedetto Odescalchi, 1676-1689),\u00a0l&rsquo;an 1683,\u00a0en souvenir d&rsquo;une m\u00e9morable victoire remport\u00e9e par les Chr\u00e9tiens sur les Turcs,\u00a0avec la protection visible de la Reine du Ciel. Cent cinquante mille Turcs s&rsquo;\u00e9taient avanc\u00e9s jusque sous les murs de Vienne et mena\u00e7aient l&rsquo;Europe enti\u00e8re. Sobieski,\u00a0roi de [&hellip;]<\/p>\n","protected":false},"author":2,"featured_media":0,"comment_status":"closed","ping_status":"closed","sticky":false,"template":"","format":"standard","meta":{"footnotes":""},"categories":[2,3,14,15,26],"tags":[1281,636,830,1066],"class_list":["post-10007","post","type-post","status-publish","format-standard","hentry","category-actualites","category-liturgique","category-groupe-prieres","category-histoire","category-priere-des-ames","tag-bx-innocent-xi","tag-marie","tag-priere","tag-st-nom-de-marie"],"_links":{"self":[{"href":"https:\/\/www.associationdemarie.org\/blog\/wp-json\/wp\/v2\/posts\/10007","targetHints":{"allow":["GET"]}}],"collection":[{"href":"https:\/\/www.associationdemarie.org\/blog\/wp-json\/wp\/v2\/posts"}],"about":[{"href":"https:\/\/www.associationdemarie.org\/blog\/wp-json\/wp\/v2\/types\/post"}],"author":[{"embeddable":true,"href":"https:\/\/www.associationdemarie.org\/blog\/wp-json\/wp\/v2\/users\/2"}],"replies":[{"embeddable":true,"href":"https:\/\/www.associationdemarie.org\/blog\/wp-json\/wp\/v2\/comments?post=10007"}],"version-history":[{"count":1,"href":"https:\/\/www.associationdemarie.org\/blog\/wp-json\/wp\/v2\/posts\/10007\/revisions"}],"predecessor-version":[{"id":10009,"href":"https:\/\/www.associationdemarie.org\/blog\/wp-json\/wp\/v2\/posts\/10007\/revisions\/10009"}],"wp:attachment":[{"href":"https:\/\/www.associationdemarie.org\/blog\/wp-json\/wp\/v2\/media?parent=10007"}],"wp:term":[{"taxonomy":"category","embeddable":true,"href":"https:\/\/www.associationdemarie.org\/blog\/wp-json\/wp\/v2\/categories?post=10007"},{"taxonomy":"post_tag","embeddable":true,"href":"https:\/\/www.associationdemarie.org\/blog\/wp-json\/wp\/v2\/tags?post=10007"}],"curies":[{"name":"wp","href":"https:\/\/api.w.org\/{rel}","templated":true}]}}